{"id":1148,"date":"2018-08-04T14:12:28","date_gmt":"2018-08-04T12:12:28","guid":{"rendered":"http:\/\/www.gjuke.se\/?p=1148"},"modified":"2018-08-04T14:12:28","modified_gmt":"2018-08-04T12:12:28","slug":"information-om-oversvamningen","status":"publish","type":"post","link":"https:\/\/www.gjuke.se\/?p=1148","title":{"rendered":"Information om \u00f6versv\u00e4mningen."},"content":{"rendered":"<p>Som de flesta s\u00e4kerligen redan vet s\u00e5 drabbades vi av en \u00f6versv\u00e4mning i samband med skyfallet den 29\/7.<\/p>\n<p>Styrelsen har varit i kontakt med f\u00f6reningens f\u00f6rs\u00e4kringsbolag L\u00e4nsf\u00f6rs\u00e4kringar och tagit reda p\u00e5 vad som g\u00e4ller vid skadeanm\u00e4lan och skadereglering. S\u00e5h\u00e4r skriver L\u00e4nsf\u00f6rs\u00e4kringar:<\/p>\n<p>&#8221;Vad g\u00e4ller medlemmarnas skadade egendom i k\u00e4llaren s\u00e5 omfattas detta inte av bostadsr\u00e4ttstill\u00e4gget utan varje medlem m\u00e5ste anm\u00e4la skadan till sin respektive hemf\u00f6rs\u00e4kring. Vad g\u00e4ller skadat l\u00f6s\u00f6re s\u00e5 \u00e4r det att rekommendera att medlemmarna sj\u00e4lva inventerar och dokumenterar detta via listor och foton.&#8221;<\/p>\n<p>Vidare vill vi s\u00e5 snart det bara \u00e4r m\u00f6jligt s\u00e4tta in \u00e5tg\u00e4rder f\u00f6r upptorkning av k\u00e4llarutrymmena s\u00e5 att inget m\u00f6gel f\u00e5r f\u00e4ste. Varje medlem beh\u00f6ver g\u00e5 igenom sitt k\u00e4llarf\u00f6rr\u00e5d och ta bort skadade och bl\u00f6ta saker samt \u00f6ppna upp f\u00f6r att underl\u00e4tta upptorkning. Vi i styrelsen kommer att ta in hj\u00e4lp fr\u00e5n sanerare f\u00f6r att bed\u00f6ma behovet av avfuktare eller fl\u00e4ktar. Detta p\u00e5b\u00f6rjas f\u00f6rhoppningsvis redan nu p\u00e5 M\u00e5ndag den 6\/8.<\/p>\n<p>\/Styrelsen<\/p>\n","protected":false},"excerpt":{"rendered":"<p>Som de flesta s\u00e4kerligen redan vet s\u00e5 drabbades vi av en \u00f6versv\u00e4mning i samband med skyfallet den 29\/7. Styrelsen har varit i kontakt med f\u00f6reningens f\u00f6rs\u00e4kringsbolag L\u00e4nsf\u00f6rs\u00e4kringar och tagit reda p\u00e5 vad som g\u00e4ller vid skadeanm\u00e4lan och skadereglering. S\u00e5h\u00e4r skriver L\u00e4nsf\u00f6rs\u00e4kringar: &#8221;Vad g\u00e4ller medlemmarnas skadade egendom i k\u00e4llaren s\u00e5 omfattas detta inte av bostadsr\u00e4ttstill\u00e4gget utan [&hellip;]<\/p>\n","protected":false},"author":1,"featured_media":0,"comment_status":"closed","ping_status":"closed","sticky":false,"template":"","format":"standard","meta":[],"categories":[1],"tags":[],"_links":{"self":[{"href":"https:\/\/www.gjuke.se\/index.php?rest_route=\/wp\/v2\/posts\/1148"}],"collection":[{"href":"https:\/\/www.gjuke.se\/index.php?rest_route=\/wp\/v2\/posts"}],"about":[{"href":"https:\/\/www.gjuke.se\/index.php?rest_route=\/wp\/v2\/types\/post"}],"author":[{"embeddable":true,"href":"https:\/\/www.gjuke.se\/index.php?rest_route=\/wp\/v2\/users\/1"}],"replies":[{"embeddable":true,"href":"https:\/\/www.gjuke.se\/index.php?rest_route=%2Fwp%2Fv2%2Fcomments&post=1148"}],"version-history":[{"count":1,"href":"https:\/\/www.gjuke.se\/index.php?rest_route=\/wp\/v2\/posts\/1148\/revisions"}],"predecessor-version":[{"id":1149,"href":"https:\/\/www.gjuke.se\/index.php?rest_route=\/wp\/v2\/posts\/1148\/revisions\/1149"}],"wp:attachment":[{"href":"https:\/\/www.gjuke.se\/index.php?rest_route=%2Fwp%2Fv2%2Fmedia&parent=1148"}],"wp:term":[{"taxonomy":"category","embeddable":true,"href":"https:\/\/www.gjuke.se\/index.php?rest_route=%2Fwp%2Fv2%2Fcategories&post=1148"},{"taxonomy":"post_tag","embeddable":true,"href":"https:\/\/www.gjuke.se\/index.php?rest_route=%2Fwp%2Fv2%2Ftags&post=1148"}],"curies":[{"name":"wp","href":"https:\/\/api.w.org\/{rel}","templated":true}]}}